{"id":1142,"date":"2014-09-21T09:47:10","date_gmt":"2014-09-21T07:47:10","guid":{"rendered":"http:\/\/www.yggdrasils.de\/?p=1142"},"modified":"2018-05-25T11:04:00","modified_gmt":"2018-05-25T09:04:00","slug":"ich-glaube-ich-stricke-zu-viele-schals-foto-flut","status":"publish","type":"post","link":"https:\/\/www.yggdrasils.de\/?p=1142","title":{"rendered":"Ich glaube, ich stricke zu viele Schals&#8230; (Foto-Flut!)"},"content":{"rendered":"<p>Auf der anderen Seite: Kann man \u00fcberhaupt zu viele Schals haben &#8211; vor allen Dingen, wenn man so h\u00e4ufig welche tr\u00e4gt wie ich?<\/p>\n<p>Das hier sind die Sch\u00e4tzchen, die zwar schon l\u00e4nger fertig sind, von denen wir aber erst gestern ein Foto gemacht haben (Ich wei\u00df, ich schaue auf den Fotos reichlich bel\u00e4mmert&#8230;):<\/p>\n<p><a href=\"https:\/\/www.yggdrasils.de\/Blog\/wp-content\/uploads\/2014\/09\/Icicle01.jpg\"><img loading=\"lazy\" decoding=\"async\" class=\"aligncenter size-full wp-image-1143\" src=\"https:\/\/www.yggdrasils.de\/Blog\/wp-content\/uploads\/2014\/09\/Icicle01.jpg\" alt=\"Icicle01\" width=\"332\" height=\"372\" srcset=\"https:\/\/www.yggdrasils.de\/Blog\/wp-content\/uploads\/2014\/09\/Icicle01.jpg 332w, https:\/\/www.yggdrasils.de\/Blog\/wp-content\/uploads\/2014\/09\/Icicle01-267x300.jpg 267w\" sizes=\"(max-width: 332px) 100vw, 332px\" \/><\/a><\/p>\n<p>Mein Schatz war so freundlich und hat das Tuch mal hochgehalten. Er ist \u00fcber 2 m gro\u00df, ihr k\u00f6nnt euch also grob vorstellen, wie lang dieses Tuch geworden ist. \ud83d\ude42<\/p>\n<p><a href=\"https:\/\/www.yggdrasils.de\/Blog\/wp-content\/uploads\/2014\/09\/Icicle02.jpg\"><img loading=\"lazy\" decoding=\"async\" class=\"aligncenter size-full wp-image-1144\" src=\"https:\/\/www.yggdrasils.de\/Blog\/wp-content\/uploads\/2014\/09\/Icicle02.jpg\" alt=\"Icicle02\" width=\"525\" height=\"700\" srcset=\"https:\/\/www.yggdrasils.de\/Blog\/wp-content\/uploads\/2014\/09\/Icicle02.jpg 525w, https:\/\/www.yggdrasils.de\/Blog\/wp-content\/uploads\/2014\/09\/Icicle02-225x300.jpg 225w\" sizes=\"(max-width: 525px) 100vw, 525px\" \/><\/a><\/p>\n<p>Das Muster ist \u00fcbrigens das &#8220;<a href=\"http:\/\/www.ravelry.com\/patterns\/library\/sonnensegel\" target=\"_blank\">Sonnensegel<\/a>&#8221; von Ulrike Altrogge. Bei mir ist daraus dann ein Eiszapfen (<a href=\"http:\/\/ravel.me\/yggdrasil82\/s2\" target=\"_blank\">Icicle<\/a>) geworden. Das Muster ist sehr leicht und eing\u00e4ngig und ich werde es noch mal stricken.<\/p>\n<p>Als n\u00e4chstes zeige ich euch ein Tuch, das schon wirklich lange fertig ist:<\/p>\n<p><a href=\"https:\/\/www.yggdrasils.de\/Blog\/wp-content\/uploads\/2014\/09\/LeavesofYggdrasil01.jpg\"><img loading=\"lazy\" decoding=\"async\" class=\"aligncenter size-full wp-image-1146\" src=\"https:\/\/www.yggdrasils.de\/Blog\/wp-content\/uploads\/2014\/09\/LeavesofYggdrasil01.jpg\" alt=\"LeavesofYggdrasil01\" width=\"608\" height=\"442\" srcset=\"https:\/\/www.yggdrasils.de\/Blog\/wp-content\/uploads\/2014\/09\/LeavesofYggdrasil01.jpg 608w, https:\/\/www.yggdrasils.de\/Blog\/wp-content\/uploads\/2014\/09\/LeavesofYggdrasil01-300x218.jpg 300w\" sizes=\"(max-width: 608px) 100vw, 608px\" \/><\/a>Das Muster hei\u00dft &#8220;<a href=\"http:\/\/www.ravelry.com\/patterns\/library\/rambling-leaves-shawl\" target=\"_blank\">Rambling Leaves<\/a>&#8221; von Dee Smith und daraus habe ich die &#8220;<a href=\"http:\/\/ravel.me\/yggdrasil82\/s2\" target=\"_blank\">Leaves of Yggdrasil<\/a>&#8221; gemacht.<\/p>\n<p>Als letztes Tuch zeige ich euch mein Lieblingsst\u00fcck aus <a href=\"http:\/\/www.theskyeshilasdairshop.co.uk\/\" target=\"_blank\">Shilasdair<\/a>-Wolle, die mir mein Schatz zum Geburtstag geschenkt hat. Diese Wolle hat mir ein bisschen den Nerv geraubt: Das Indigo, mit dem unter anderem gef\u00e4rbt wurde, hat meine H\u00e4nde beim Stricken blau gef\u00e4rbt. Richtig heftig blau. Nach dem ersten Waschen, war das Wasser komplett tiefdunkelblau und die eigentliche Farbe ist leider etwas heller geworden. Mit einem Bad in Essigwasser hat sich das Ausbluten dann aber erledigt. Also mein Tipp bei Shilasdair: Badet den Strang vor dem Verarbeiten\/ Wickeln in Essigwasser, damit die Farbe fixiert wird. Abgesehen davon mag ich das Garn wirklich sehr und das Tuch ist mollig warm:<\/p>\n<p><a href=\"https:\/\/www.yggdrasils.de\/Blog\/wp-content\/uploads\/2014\/09\/Nuvem02.jpg\"><img loading=\"lazy\" decoding=\"async\" class=\"aligncenter size-full wp-image-1147\" src=\"https:\/\/www.yggdrasils.de\/Blog\/wp-content\/uploads\/2014\/09\/Nuvem02.jpg\" alt=\"Nuvem02\" width=\"286\" height=\"408\" srcset=\"https:\/\/www.yggdrasils.de\/Blog\/wp-content\/uploads\/2014\/09\/Nuvem02.jpg 286w, https:\/\/www.yggdrasils.de\/Blog\/wp-content\/uploads\/2014\/09\/Nuvem02-210x300.jpg 210w\" sizes=\"(max-width: 286px) 100vw, 286px\" \/><\/a> <a href=\"https:\/\/www.yggdrasils.de\/Blog\/wp-content\/uploads\/2014\/09\/Nuvem03.jpg\"><img loading=\"lazy\" decoding=\"async\" class=\"aligncenter size-full wp-image-1148\" src=\"https:\/\/www.yggdrasils.de\/Blog\/wp-content\/uploads\/2014\/09\/Nuvem03.jpg\" alt=\"Nuvem03\" width=\"289\" height=\"387\" srcset=\"https:\/\/www.yggdrasils.de\/Blog\/wp-content\/uploads\/2014\/09\/Nuvem03.jpg 289w, https:\/\/www.yggdrasils.de\/Blog\/wp-content\/uploads\/2014\/09\/Nuvem03-224x300.jpg 224w\" sizes=\"(max-width: 289px) 100vw, 289px\" \/><\/a>Wie ihr seht, ist es ein &#8220;<a href=\"http:\/\/www.ravelry.com\/patterns\/library\/nuvem\" target=\"_blank\">Nuvem<\/a>&#8221; von Martina Behm. Bei mir wurde daraus &#8220;<a href=\"http:\/\/ravel.me\/yggdrasil82\/n1\" target=\"_blank\">Juniper from Skye<\/a>&#8220;.<\/p>\n<p>So, das war es erst mal mit den gestrickten T\u00fcchern. Ich habe allerdings noch andere Sachen gestrickt, doch davon sp\u00e4ter mehr.<\/p>\n<p>Jetzt werde ich f\u00fcr den Winter noch ein paar Cowls (auch &#8220;Loop&#8221; oder &#8220;Rundschal&#8221; genannt) stricken und dann widme ich mich mal dem Stricken von Kleidung. Die Wolle f\u00fcr das erste Kleidungsst\u00fcck liegt bereits hier. Was es wird, wird aber noch nicht verraten.<\/p>\n","protected":false},"excerpt":{"rendered":"<p>Auf der anderen Seite: Kann man \u00fcberhaupt zu viele Schals haben &#8211; vor allen Dingen, wenn man so h\u00e4ufig welche tr\u00e4gt wie ich? Das hier sind die Sch\u00e4tzchen, die zwar schon l\u00e4nger fertig sind, von denen wir aber erst gestern ein Foto gemacht haben (Ich wei\u00df, ich schaue auf den Fotos reichlich bel\u00e4mmert&#8230;): Mein Schatz [&hellip;]<\/p>\n","protected":false},"author":1,"featured_media":0,"comment_status":"open","ping_status":"open","sticky":false,"template":"","format":"standard","meta":{"footnotes":""},"categories":[8],"tags":[],"class_list":["post-1142","post","type-post","status-publish","format-standard","hentry","category-diy"],"_links":{"self":[{"href":"https:\/\/www.yggdrasils.de\/index.php?rest_route=\/wp\/v2\/posts\/1142"}],"collection":[{"href":"https:\/\/www.yggdrasils.de\/index.php?rest_route=\/wp\/v2\/posts"}],"about":[{"href":"https:\/\/www.yggdrasils.de\/index.php?rest_route=\/wp\/v2\/types\/post"}],"author":[{"embeddable":true,"href":"https:\/\/www.yggdrasils.de\/index.php?rest_route=\/wp\/v2\/users\/1"}],"replies":[{"embeddable":true,"href":"https:\/\/www.yggdrasils.de\/index.php?rest_route=%2Fwp%2Fv2%2Fcomments&post=1142"}],"version-history":[{"count":1,"href":"https:\/\/www.yggdrasils.de\/index.php?rest_route=\/wp\/v2\/posts\/1142\/revisions"}],"predecessor-version":[{"id":1149,"href":"https:\/\/www.yggdrasils.de\/index.php?rest_route=\/wp\/v2\/posts\/1142\/revisions\/1149"}],"wp:attachment":[{"href":"https:\/\/www.yggdrasils.de\/index.php?rest_route=%2Fwp%2Fv2%2Fmedia&parent=1142"}],"wp:term":[{"taxonomy":"category","embeddable":true,"href":"https:\/\/www.yggdrasils.de\/index.php?rest_route=%2Fwp%2Fv2%2Fcategories&post=1142"},{"taxonomy":"post_tag","embeddable":true,"href":"https:\/\/www.yggdrasils.de\/index.php?rest_route=%2Fwp%2Fv2%2Ftags&post=1142"}],"curies":[{"name":"wp","href":"https:\/\/api.w.org\/{rel}","templated":true}]}}