{"id":2189,"date":"2019-01-27T08:51:39","date_gmt":"2019-01-27T07:51:39","guid":{"rendered":"https:\/\/www.yggdrasils.de\/?p=2189"},"modified":"2019-01-27T08:51:39","modified_gmt":"2019-01-27T07:51:39","slug":"wochenrueckblick-8","status":"publish","type":"post","link":"https:\/\/www.yggdrasils.de\/?p=2189","title":{"rendered":"Wochenr\u00fcckblick 8"},"content":{"rendered":"\n<p>Daf\u00fcr, dass der Januar als ruhiger Monat gilt, war ich gef\u00fchlt gut besch\u00e4ftigt. <\/p>\n\n\n\n<h4 class=\"wp-block-heading\">Kreativ<\/h4>\n\n\n\n<p>Ich habe mir viel vorgenommen. Sehr viel. <\/p>\n\n\n\n<p>Und damit das auch was wird, nehme ich an verschiedenen Aktionen teil. Im Moment halte ich das f\u00fcr eine gute Idee um mich zu strukturieren und damit den Kopf f\u00fcr andere Sachen freizuhalten.<\/p>\n\n\n\n<p><strong>Daueraktion &#8220;Projekt Kleiderschrank&#8221;:<\/strong><br>Daf\u00fcr habe ich auf diesem Blog <a rel=\"noreferrer noopener\" aria-label=\"eine eigene Seite (\u00f6ffnet in neuem Tab)\" href=\"https:\/\/www.yggdrasils.de\/?page_id=2067\" target=\"_blank\">eine eigene Seite<\/a> eingerichtet, die ich aber noch aktualisieren sollte.<br>In den letzten Monaten habe ich ein wenig am Bedarf vorbeigen\u00e4ht, denn eigentlich hatte ich beschlossen, dass ich genug Kleider besitze, da ich ja eh kaum welche trage. Irgendwie habe ich dann aber doch Lust bekommen, Kleider zu tragen und so n\u00e4he ich gerade an Kleid Nr. 3. Danach wird es aber definitiv etwas anderes geben, denn ich brauche dringend neue Jogginghosen f\u00fcr den Yogakurs.<br>Wenn das geschafft ist, kann ich sicherlich auch schon mit dem N\u00e4hen von Sommerklamotten beginnen. &#8211; Vielleicht mit einem Kleid? \ud83d\ude09<\/p>\n\n\n\n<p><strong>Jahresaktion &#8220;MMM 2019 &#8211; Motivation, Meilensteine, Mottomonate&#8221;:<\/strong><br>Diese findet bei <a rel=\"noreferrer noopener\" aria-label=\"ravelry  (\u00f6ffnet in neuem Tab)\" href=\"http:\/\/www.ravelry.com\" target=\"_blank\">ravelry <\/a>in der Gruppe <a rel=\"noreferrer noopener\" aria-label=\"Podcasting auf Deutsch (\u00f6ffnet in neuem Tab)\" href=\"https:\/\/www.ravelry.com\/groups\/podcasting-auf-deutsch\" target=\"_blank\">Podcasting auf Deutsch<\/a> statt.<br>Man setzt sich Ziele und gibt jeweils zu Beginn des neuen Monats einen Zwischenstand per Beitrag.<br>Zus\u00e4tzlich  gibt es auch Mottomonate; das f\u00fcr Januar lautet beispielsweise &#8220;K\u00fcmmere dich um ein Ufo, bevor es Staub ansetzt&#8221;<br>Ich versuche Ufos ja zu vermeiden, wo es geht. Trotzdem haben sich ein paar N\u00e4hufos eingeschlichen. Diese habe ich Anfang Januar frohen Mutes in Angriff genommen &#8211; und habe bisher noch keins beendet, aber wenigstens habe ich an zweien weitergearbeitet. <br>Abgesehen davon habe ich im Januar mehr Strickprojekte angeschlagen, als eigentlich &#8220;erlaubt&#8221;: Ich versuche mich sonst auf 2 Projekte zu beschr\u00e4nken, 3 sind auch noch ok, wenn eins davon &#8220;Mitnahme-Socken&#8221; sind.<br>Mit Beginn des neuen Jahres ist dann aber alles etwas aus dem Ruder gelaufen und ich merke schon, dass es mir wieder ein wenig zu viel wird. Ein Projekt habe ich aber mittlerweile beendet und an zweien stricke ich flei\u00dfig weiter. (Von diesen Projekten erz\u00e4hle ich mehr in gesonderten Beitr\u00e4gen.) &#8220;\u00dcbrig&#8221; sind damit zwei Sockenprojekte: Ein Mitnahmeprojekt, das mangels Gelegenheit aktuell etwas auf Eis liegt und ein Paar Couchsocken f\u00fcr meinen Vater. Da es die ersten Socken sind, die ich f\u00fcr ihn stricke, soll er sie anprobieren, bevor ich weitermache. Vielleicht fahre ich also heute meine Eltern besuchen.<\/p>\n\n\n\n<p><strong>Monatsaktion &#8220;Mach-das-Ufo-fertig-FAL&#8221; (auf Instagram: #machdasufofertigfal):<\/strong><br>Die <a rel=\"noreferrer noopener\" aria-label=\"Frickler  (\u00f6ffnet in neuem Tab)\" href=\"https:\/\/frickelcast.com\" target=\"_blank\">Frickler <\/a>haben den Hashtag ins Leben gerufen. FAL steht dabei f\u00fcr Frickel-along.<br>Ziel ist es, wie schon beim Monatsmotto vom <em>MMM 2019<\/em>, die angesammelten Ufos zu beenden oder zu ribbeln.<br><\/p>\n\n\n\n<h4 class=\"wp-block-heading\">Arbeit<\/h4>\n\n\n\n<p>Meine Chefin geht bald in Elternzeit und f\u00fcr diesen Zeitraum wird es eine Vertretung geben. Eine neue Kollegin also, die im Februar startet. Leider hatte ich Urlaub, als die Dame hospitiert hat, und so habe ich gerade keine Ahnung, was auf mich zukommen wird. Gerade im Hinblick darauf, dass meine Chefin und ich echt gut zusammenarbeiten. Das sorgt bei mir nat\u00fcrlich f\u00fcr Anspannung und in dem Zusammenhang auch f\u00fcr unruhige N\u00e4chte. Hoffentlich geht alles gut.<\/p>\n\n\n\n<h4 class=\"wp-block-heading\">Sport + Gesundheit<\/h4>\n\n\n\n<p>Ich w\u00fcrde sagen, die im Sommer gespeicherte Energie ist aufgebraucht. Ich bin m\u00fcde, unkonzentriert, und kr\u00e4nklich und das hat nicht ausschlie\u00dflich mit der Arbeitssituation zu tun. <\/p>\n\n\n\n<p>Bei der Arbeit habe ich eine anstrengende Woche hinter mir. In dem Falle hei\u00dft das, dass ich k\u00f6rperlich ziemlich aktiv war, da ich f\u00fcr Veranstaltungen mehr als den \u00fcblichen Kram auf- und abbauen und damit herumschleppen musste. Das hat mir den einen oder anderen dezenten Muskelkater eingebracht. Bis auf den einen oder anderen flotten Spaziergang habe ich daher keinen Sport gemacht. Yoga musste wegen anderer Termine ebenfalls schon zwei Mal diesen Monat ausfallen. N\u00e4chste Woche aber wieder &#8211; solange die aktuellen Hals- und Ohrenschmerzen sich nicht in was Ernsteres verwandeln.<\/p>\n\n\n\n<h4 class=\"wp-block-heading\">Medien<\/h4>\n\n\n\n<p>Neben den \u00fcblichen Podcast-Folgen, habe ich mal wieder alte ???-Folgen geh\u00f6rt. Die begleiten mich ja &#8211; mal mehr, mal weniger &#8211; schon fast mein ganzes Leben lang und ich mag sie immer noch. In dem Zusammenhang kann ich \u00fcbrigens auch den <a href=\"https:\/\/spezialgelagert.de\" target=\"_blank\" rel=\"noreferrer noopener\" aria-label=\"Spezialgelagerten Sonderpodcast  (\u00f6ffnet in neuem Tab)\">Spezialgelagerten Sonderpodcast <\/a>empfehlen. Ein Freund von mir meint zwar, die Folgenbesprechungen machen ihm seine Kindheit kaputt, aber ich kann die besprochenen ???-Folgen immer noch gut h\u00f6ren und mag den Podcast sehr.<\/p>\n\n\n\n<p>Dann bin ich dem Trend erlegen, die Serie von <a rel=\"noreferrer noopener\" aria-label=\"Marie Kondo (\u00f6ffnet in neuem Tab)\" href=\"https:\/\/konmari.com\" target=\"_blank\">Marie Kondo<\/a> zu schauen.<br>Falls du sie nicht kennst: Sie ist eine japanische Aufr\u00e4um-Expertin, hat B\u00fccher dar\u00fcber geschrieben und in hoher Auflage verkauft. Und jetzt hat sie halt ihre eigene TV-Show in der sie US-Amerikanern zeigt, wie sie Ordnung halten.<\/p>\n\n\n\n<p>Meiner Meinung dazu: Ich bin zwiegespalten. Auf der einen Seite finde ich sie manchmal etwas gruselig. So perfekt, so glattgeb\u00fcgelt. (Und wenn sie sagt, dass es bei ihr Zuhause auch mal chaotisch aussieht, nehme ich es ihr nicht wirklich ab.) Dann ist das Geschlechterbild in dieser Serie gelinde gesagt antiquiert. Die Frauen m\u00f6chten ihr Haus in Ordnung bringen, damit sie bessere Frauen, M\u00fctter, Hausfrauen,&#8230; werden. Die M\u00e4nner haben wahlweise keine Ahnung, kein Interesse oder keine Zeit f\u00fcr Hausarbeit, d\u00fcrfen aber wenigstens die Garage und ihre eigenen Klamottenberge aufr\u00e4umen. Nat\u00fcrlich sorgt das Ganze dann auch immer daf\u00fcr, dass man seine Ehe damit rettet oder wenigstens sein Seelenheil. Darunter brauchen wir gar nicht erst zu starten&#8230; Silvia Follmann <a href=\"https:\/\/ze.tt\/warum-die-aufraeummethoden-von-marie-kondo-dein-leben-nicht-besser-machen\/\" target=\"_blank\" rel=\"noreferrer noopener\" aria-label=\"hat dazu einen Artikel  (\u00f6ffnet in neuem Tab)\">hat dazu einen Artikel <\/a>geschrieben.<\/p>\n\n\n\n<p>Auf der anderen Seite macht sie keinem in der Teilnehmenden Vorw\u00fcrfe, wenn sie etwas &#8211; f\u00fcr Au\u00dfenstehende &#8211; total sinnfreies behalten wollen. Sie zwingt niemanden, etwas wegzuwerfen, sondern nur in sich zu h\u00f6ren und zu \u00fcberlegen, ob das Teil einem wirklich Freude bereitet. Und wenn das alte, l\u00f6chrige, gammelige T-Shirt tut, dann darf es halt bleiben. &#8211; Theoretisch wenigstens. Denn die Teilnehmenden der 1. Staffel (mehr gibt es noch nicht), entsorgen solche Dinge dann doch schlussendlich.<\/p>\n\n\n\n<p>Was viele wohl seltsam finden ist, dass sie vor dem Aufr\u00e4umen das Haus gr\u00fc\u00dft. Sie setzt sich hin und so wie es aussieht, meditiert sie kurz. Beim ersten Anschauen fand ich es ebenfalls seltsam, denke aber gerade im Hinblick auf die japanische Kultur ist es eine achtsame Sache. Ich gehe davon aus, dass sie sich damit n\u00e4mlich auf die bevorstehende Aufgabe vorbereitet und sich darauf dann besser einlassen kann. Eigentlich gar nicht so verkehrt einen Moment vorher innezuhalten und durchzuatmen.<br><\/p>\n\n\n\n<p>Ich denke, man kann aus allem etwas lernen, von allem etwas mitnehmen. Das kann nat\u00fcrlich auch einfach der Gedanke &#8220;Was f\u00fcr eine Zeitveschwendung&#8221; sein.<\/p>\n\n\n\n<p>Was ich also von Marie Kondo mitnehme ist: Wenn ich lieber aufr\u00e4umen w\u00fcrde und ich auf die Idee gekommen w\u00e4re ein Buch dar\u00fcber zu schreiben, h\u00e4tte ich damit eine Menge Kohle machen k\u00f6nnen.<br>Denn bis auf das &#8220;Hinstellen&#8221; von Kleidung in Schubladen ordne ich so wie sie. Ich stehe total auf die Aufbewahrung in Boxen, auch wenn Plastik nicht gut f\u00fcr die Umwelt ist. Immerhin nutze ich die Plastikbeh\u00e4ltnisse \u00fcber viele, viele Jahre f\u00fcr verschiedenste Sachen in verschiedensten Konstellationen.  <\/p>\n\n\n\n<h4 class=\"wp-block-heading\">Ausblick<\/h4>\n\n\n\n<p>Gestern habe ich mein Bullet Journal (noch so ein Trend &#8211; ich bin ein Schaf und laufe der Herde hinterher&#8230;) f\u00fcr Februar geschrieben. Wie schon gesagt, bringt dieser Monat einige Ver\u00e4nderungen mit sich. <\/p>\n\n\n\n<p>Ich werde nicht mehr am Englischkurs teilnehmen. Das Niveau passte einfach nicht f\u00fcr mich und der einzige Kurs, der passen w\u00fcrde, liegt an einem Tag an dem ich so was von \u00fcberhaupt keine Zeit haben werde. Die Dienstagabende werde ich vermissen. Daf\u00fcr ist ein Abend mehr, an dem ich keine Verpflichtungen habe, wohl auch nicht verkehrt.<\/p>\n\n\n\n<p>In Sachen Arbeit wird es die vorerst letzte ruhige Woche werden, die in n\u00e4chster Zeit anliegt.<\/p>\n","protected":false},"excerpt":{"rendered":"<p>Daf\u00fcr, dass der Januar als ruhiger Monat gilt, war ich gef\u00fchlt gut besch\u00e4ftigt. Kreativ Ich habe mir viel vorgenommen. Sehr viel. Und damit das auch was wird, nehme ich an verschiedenen Aktionen teil. Im Moment halte ich das f\u00fcr eine gute Idee um mich zu strukturieren und damit den Kopf f\u00fcr andere Sachen freizuhalten. Daueraktion [&hellip;]<\/p>\n","protected":false},"author":1,"featured_media":0,"comment_status":"closed","ping_status":"open","sticky":false,"template":"","format":"standard","meta":{"footnotes":""},"categories":[11,8,6],"tags":[],"class_list":["post-2189","post","type-post","status-publish","format-standard","hentry","category-aktion","category-diy","category-meinlebenundich"],"_links":{"self":[{"href":"https:\/\/www.yggdrasils.de\/index.php?rest_route=\/wp\/v2\/posts\/2189"}],"collection":[{"href":"https:\/\/www.yggdrasils.de\/index.php?rest_route=\/wp\/v2\/posts"}],"about":[{"href":"https:\/\/www.yggdrasils.de\/index.php?rest_route=\/wp\/v2\/types\/post"}],"author":[{"embeddable":true,"href":"https:\/\/www.yggdrasils.de\/index.php?rest_route=\/wp\/v2\/users\/1"}],"replies":[{"embeddable":true,"href":"https:\/\/www.yggdrasils.de\/index.php?rest_route=%2Fwp%2Fv2%2Fcomments&post=2189"}],"version-history":[{"count":1,"href":"https:\/\/www.yggdrasils.de\/index.php?rest_route=\/wp\/v2\/posts\/2189\/revisions"}],"predecessor-version":[{"id":2190,"href":"https:\/\/www.yggdrasils.de\/index.php?rest_route=\/wp\/v2\/posts\/2189\/revisions\/2190"}],"wp:attachment":[{"href":"https:\/\/www.yggdrasils.de\/index.php?rest_route=%2Fwp%2Fv2%2Fmedia&parent=2189"}],"wp:term":[{"taxonomy":"category","embeddable":true,"href":"https:\/\/www.yggdrasils.de\/index.php?rest_route=%2Fwp%2Fv2%2Fcategories&post=2189"},{"taxonomy":"post_tag","embeddable":true,"href":"https:\/\/www.yggdrasils.de\/index.php?rest_route=%2Fwp%2Fv2%2Ftags&post=2189"}],"curies":[{"name":"wp","href":"https:\/\/api.w.org\/{rel}","templated":true}]}}