{"id":2727,"date":"2023-01-13T21:58:20","date_gmt":"2023-01-13T20:58:20","guid":{"rendered":"https:\/\/www.yggdrasils.de\/?p=2727"},"modified":"2023-01-13T21:58:20","modified_gmt":"2023-01-13T20:58:20","slug":"faserverzueckter-jahresrueckblick-2022","status":"publish","type":"post","link":"https:\/\/www.yggdrasils.de\/?p=2727","title":{"rendered":"Faserverz\u00fcckter Jahresr\u00fcckblick 2022"},"content":{"rendered":"<p>Da habe ich einiges f\u00fcr 2023 angek\u00fcndigt und bin doch direkt wieder in der Versenkung verschwunden. Uns geht es gerade wie wohl fast allen Familien in Deutschland. Wir sind krank. Quasi durchgehend seit Ende Oktober und die Energie und der Durchhaltewillen sind so langsam aber sicher aufgebraucht.<\/p>\n<p>Heute habe ich einen freien Abend und nutze die Gelegenheit nach dem vorherigen Ausblick auf 2023 noch einen Jahresr\u00fcckblick auf 2022 zu schreiben. Wie immer ist der &#8220;<a href=\"https:\/\/www.ravelry.com\/discuss\/podcasting-auf-deutsch\/4233122\/1-25#reply_form\" target=\"_blank\" rel=\"noopener\">Faserverz\u00fcckte Jahresr\u00fcckblick&#8221; aus der Podcasting auf Deutsch-Gruppe auf ravelry<\/a> Vorbild:<\/p>\n<blockquote><p><em>Wie lief es mit Deinen Projekten 2022, hast Du Dir deine Strick- Spinn-, H\u00e4kel-, Web- und sonstigen W\u00fcnsche erf\u00fcllt, Deine Ziele erreicht? Oder kam es doch ganz anders, und wenn ja, wie ist es Dir ergangen?<\/em><\/p><\/blockquote>\n<p>Ich habe ziemlich schnell mein Ziel aus den Augen verloren. Das Leben drumherum war turbulent genug. \u00dcberraschenderweise habe ich gegen Ende des Jahres festgestellt, dass ich mehr geschafft habe, als erwartet.<\/p>\n<p>Laut ravelry habe ich 22 Projekte beendet. Dazu kommen noch drei Paar Stulpen, die ich kurz vor Weihnachten noch spontan f\u00fcr meine Abteilung gestrickt habe. In Anbetracht der Umst\u00e4nde im vergangenen Jahr finde ich, dass ich da stolz auf mich sein kann.<\/p>\n<blockquote><p><img loading=\"lazy\" decoding=\"async\" class=\"alignleft  wp-image-2706\" style=\"margin-top: 0.857143rem; margin-right: 1.71429rem; margin-bottom: 0.857143rem; font-style: normal;\" src=\"https:\/\/www.yggdrasils.de\/Blog\/wp-content\/uploads\/2022\/07\/UraUe02.jpg\" alt=\"\" width=\"214\" height=\"323\" srcset=\"https:\/\/www.yggdrasils.de\/Blog\/wp-content\/uploads\/2022\/07\/UraUe02.jpg 500w, https:\/\/www.yggdrasils.de\/Blog\/wp-content\/uploads\/2022\/07\/UraUe02-198x300.jpg 198w\" sizes=\"(max-width: 214px) 100vw, 214px\" \/><em>Was war dein Highlight (deiner Handarbeitsprojekte) und warum?<\/em><\/p><\/blockquote>\n<p>Das ist eine gute Frage. Eigentlich habe ich bei jedem Projekt irgend etwas f\u00fcr mich mitgenommen. Ich entscheide mich aber f\u00fcr den &#8220;<a href=\"https:\/\/ravel.me\/yggdrasil82\/jxj5np\" target=\"_blank\" rel=\"noopener\">UraUe<\/a>&#8221; (ravelry Link). Nicht nur, das ich gut abgelagertes Garn genommen habe, die Anleitung ist richtig durchdacht und das Teil tr\u00e4gt sich nicht nur gut, es kann auch von jeder Seite gleich gut getragen werden.<\/p>\n<blockquote><p>&nbsp;<\/p>\n<p><em>Wie hat sich dein Stash entwickelt? Bist Du im Minus oder im Plus gelandet? Wie zufrieden bist Du mit Deiner Stashmenge?<\/em><\/p><\/blockquote>\n<p>Auch meinem Stash habe ich das Jahr \u00fcber kaum Beachtung geschenkt. Im Januar\u00a0 bin ich mit 25,43 kg bei 72,63 km Garn gestartet und im Dezember dann mit 26,46 kg und 72,97 km gelandet. Das ist mehr, aber nicht so viel mehr, wie ich erwartet h\u00e4tte. Alles in allem also ausbauf\u00e4hig aber nicht besorgniserregend.<\/p>\n<blockquote><p><em>Dieses Jahr war wieder einmal ein unenspanntes. Wie bist Du mit all den Krisen und schlechten Nachrichten umgegangen? Hilft Dir die Handarbeit, Dich zu entspannen?<\/em><\/p><\/blockquote>\n<p>Die Nachrichten haben mir gro\u00dfe Sorgen bereitet. Klimakatastrophe, Ukraine, Iran, Syrien, Kurdistan, Rechtsradikale vor der eigenen Haust\u00fcr, Corona &#8211; um nur ein paar Themen zu nennen. Zwischendurch auch mal der Gedanke &#8220;und in diese Welt habt ihr ein Kind gesetzt?&#8221;. Aber ich denke, wir versuchen dem M\u00e4usem\u00e4dchen andere Werte zu vermitteln in der Hoffnung, dass dies irgendwann fruchten wird.<\/p>\n<p>Entspannt hat mich das Handarbeiten auf jeden Fall. Nicht nur das Stricken. Im vergangenen Jahr hat mich gerade das N\u00e4hen im N\u00e4hkurs und das Miteinander in der Gruppe dort oft aufgefangen.<\/p>\n<blockquote><p><em>Welches Garn hat Dir in diesem Jahr am Besten gefallen? Gibt es auch eins, was Du gar nicht mochtest?<\/em><\/p><\/blockquote>\n<p>Oh ja! Ich habe die Gilliat von De Rerum Natura f\u00fcr mich entdeckt und einen Pullover daraus gestrickt. Die werde ich auf jeden Fall noch mal verstricken!<\/p>\n<blockquote><p><em>\u201cEinmal und nie wieder!\u201d &#8211; hattest Du so einen Moment, und wenn ja, was wars?<\/em><\/p><\/blockquote>\n<p>Ich hatte mir vorgenommen 12 Paar Socken zu stricken. Das war f\u00fcr meinen Sockenvorrat auf jeden Fall sinnvoll, aber Socken stricken ist und bleibt einfach mehr Pflicht als K\u00fcr f\u00fcr mich und ich bin froh, das meine imagin\u00e4re Sockenschublade jetzt so gut gef\u00fcllt ist, das ich in 2023 nur noch wenige Socken geplant habe.<\/p>\n<blockquote><p><em>Was hast Du handarbeitstechnisch 2023 so vor? Gibt es Pl\u00e4ne?<\/em><\/p><\/blockquote>\n<p>Dazu habe ich bereits <a href=\"https:\/\/www.yggdrasils.de\/?p=2723\" target=\"_blank\" rel=\"noopener\">hier<\/a> etwas geschrieben.<\/p>\n<blockquote><p><em>Hast Du in diesem Jahr B\u00fccher gelesen oder H\u00f6rb\u00fccher geh\u00f6rt? Gibt es welche, die Du empfehlen m\u00f6chtest?<\/em><\/p><\/blockquote>\n<p>Ich habe nicht viel gelesen oder geh\u00f6rt. &#8220;Becoming&#8221; von Michelle Obama fand ich spannend, bzw. finde es noch, denn ich habe es noch nicht zuende geh\u00f6rt.<\/p>\n<p>In Sachen Kindererziehung oder besser: -begleitung mag ich Nora Imlau gern und ansonsten habe ich ein paar \u00fcbliche Verd\u00e4chtige unter den Favoriten: Die &#8220;Fl\u00fcsse von London&#8221;-Reihe von Ben Aaronovitch und die &#8220;Flavis de Luce&#8221;-Reihe von Alan Bradley.<\/p>\n<blockquote><p><em>Was hast du 2022 sonst noch entdeckt, was dich auch 2023 weiter begleiten wird?<\/em><\/p><\/blockquote>\n<p>Ich bin st\u00e4rker als gedacht. Ich hoffe, dass mich das auch durch 2023 tragen wird.<\/p>\n<blockquote><p><em>Hast Du neue Podcasts entdeckt? Und wenn ja, welche? Gerne auch abseits der Handarbeitsszene; was kannst Du empfehlen?<\/em><\/p>\n<p>Von &#8220;<a href=\"https:\/\/studio-bummens.de\/produktionen\/podcast\/cui-bono-wtf-happened-to-ken-jebsen\/\" target=\"_blank\" rel=\"noopener\">Cui Bono<\/a>&#8221; fand ich beide Staffeln gut recherchiert und aufbereitet.<\/p><\/blockquote>\n<p>Ansonsten mag ich die Podcasts von Holger Klein gerne, z.B. &#8220;<a href=\"https:\/\/www.radioeins.de\/archiv\/podcast\/ferngespraeche.html\" target=\"_blank\" rel=\"noopener\">Ferngespr\u00e4che<\/a>&#8221; und &#8220;<a href=\"https:\/\/awo.org\/awo-podcast\" target=\"_blank\" rel=\"noopener\">Der AWO-Podcast<\/a>&#8220;.<\/p>\n<p>Da ich mich mit dem Thema Hochsensitivit\u00e4t stark auseinandergesetzt habe, kann ich zu dem Thema auch &#8220;<a href=\"https:\/\/britta-sperling.de\/podcast.html\" target=\"_blank\" rel=\"noopener\">Sensibel sein<\/a>&#8221; empfehlen. Britta kenne ich vom Yoga pers\u00f6nlich und finde ihre Arbeit spannend und erhellend.<\/p>\n<p><span style=\"font-size: 1rem;\">Oh, und nat\u00fcrlich der &#8220;<a href=\"https:\/\/dreifragezeichen.lnk.to\/bobcastAW\" target=\"_blank\" rel=\"noopener\">Haschemitenf\u00fcrst<\/a>&#8220;. Endlich ???-Kontent aus erster Hand.<\/span><\/p>\n<blockquote><p><em>Hast du 2023 ein Ziel\/Ziele, die du erreichen m\u00f6chtest (auch abseits von Handarbeit)?<\/em><\/p><\/blockquote>\n<p>\u00dcberleben?! Na gut, ein bisschen weniger drastisch kann es auch gerne sein: Ich glaube in aller K\u00fcrze lautet mein Ziel &#8220;Nachhaltigkeit&#8221;.<\/p>\n","protected":false},"excerpt":{"rendered":"<p>Da habe ich einiges f\u00fcr 2023 angek\u00fcndigt und bin doch direkt wieder in der Versenkung verschwunden. Uns geht es gerade wie wohl fast allen Familien in Deutschland. Wir sind krank. Quasi durchgehend seit Ende Oktober und die Energie und der Durchhaltewillen sind so langsam aber sicher aufgebraucht. Heute habe ich einen freien Abend und nutze [&hellip;]<\/p>\n","protected":false},"author":1,"featured_media":0,"comment_status":"closed","ping_status":"open","sticky":false,"template":"","format":"standard","meta":{"footnotes":""},"categories":[11,8,6],"tags":[],"class_list":["post-2727","post","type-post","status-publish","format-standard","hentry","category-aktion","category-diy","category-meinlebenundich"],"_links":{"self":[{"href":"https:\/\/www.yggdrasils.de\/index.php?rest_route=\/wp\/v2\/posts\/2727"}],"collection":[{"href":"https:\/\/www.yggdrasils.de\/index.php?rest_route=\/wp\/v2\/posts"}],"about":[{"href":"https:\/\/www.yggdrasils.de\/index.php?rest_route=\/wp\/v2\/types\/post"}],"author":[{"embeddable":true,"href":"https:\/\/www.yggdrasils.de\/index.php?rest_route=\/wp\/v2\/users\/1"}],"replies":[{"embeddable":true,"href":"https:\/\/www.yggdrasils.de\/index.php?rest_route=%2Fwp%2Fv2%2Fcomments&post=2727"}],"version-history":[{"count":1,"href":"https:\/\/www.yggdrasils.de\/index.php?rest_route=\/wp\/v2\/posts\/2727\/revisions"}],"predecessor-version":[{"id":2728,"href":"https:\/\/www.yggdrasils.de\/index.php?rest_route=\/wp\/v2\/posts\/2727\/revisions\/2728"}],"wp:attachment":[{"href":"https:\/\/www.yggdrasils.de\/index.php?rest_route=%2Fwp%2Fv2%2Fmedia&parent=2727"}],"wp:term":[{"taxonomy":"category","embeddable":true,"href":"https:\/\/www.yggdrasils.de\/index.php?rest_route=%2Fwp%2Fv2%2Fcategories&post=2727"},{"taxonomy":"post_tag","embeddable":true,"href":"https:\/\/www.yggdrasils.de\/index.php?rest_route=%2Fwp%2Fv2%2Ftags&post=2727"}],"curies":[{"name":"wp","href":"https:\/\/api.w.org\/{rel}","templated":true}]}}